{"id":2082,"date":"2013-08-08T19:39:54","date_gmt":"2013-08-08T18:39:54","guid":{"rendered":"http:\/\/www.mrexhibition.net\/wp_mimi\/?p=2082"},"modified":"2013-08-08T22:46:44","modified_gmt":"2013-08-08T21:46:44","slug":"photo-album-de-cracovie-et-varsovie","status":"publish","type":"post","link":"http:\/\/www.mrexhibition.net\/wp_mimi\/?p=2082","title":{"rendered":"\u30d5\u30a9\u30c8\u30a2\u30eb\u30d0\u30e0 : \u30af\u30e9\u30b3\u30a6&#038;\u30ef\u30eb\u30b7\u30e3\u30ef \/ Album de photos de s\u00e9jour de Cracovie et Varsovie"},"content":{"rendered":"<p><span style=\"color: #000000;\">Cracovie du 23 au 28 juillet 2013<\/span><br \/>\n<span style=\"color: #000000;\"> \u30af\u30e9\u30b3\u30a6\u306b\u6ede\u5728\u3057\u307e\u3057\u305f\u3002<\/span><\/p>\n<div id=\"attachment_2127\" style=\"width: 1034px\" class=\"wp-caption aligncenter\"><a href=\"http:\/\/www.mrexhibition.net\/wp_mimi\/wp_mimi-content\/uploads\/2013\/08\/resize_DSC05383.jpg\"><img aria-describedby=\"caption-attachment-2127\" decoding=\"async\" loading=\"lazy\" class=\"size-full wp-image-2127\" alt=\"landscape from train's window\" src=\"http:\/\/www.mrexhibition.net\/wp_mimi\/wp_mimi-content\/uploads\/2013\/08\/resize_DSC05383.jpg\" width=\"1024\" height=\"680\" srcset=\"http:\/\/www.mrexhibition.net\/wp_mimi\/wp_mimi-content\/uploads\/2013\/08\/resize_DSC05383.jpg 1024w, http:\/\/www.mrexhibition.net\/wp_mimi\/wp_mimi-content\/uploads\/2013\/08\/resize_DSC05383-300x199.jpg 300w\" sizes=\"(max-width: 1024px) 100vw, 1024px\" \/><\/a><p id=\"caption-attachment-2127\" class=\"wp-caption-text\">landscape from train&rsquo;s window<\/p><\/div>\n<p><a href=\"http:\/\/www.mrexhibition.net\/wp_mimi\/wp_mimi-content\/uploads\/2013\/08\/resize_DSC05408.jpg\"><img decoding=\"async\" loading=\"lazy\" class=\"aligncenter size-full wp-image-2125\" alt=\"resize_DSC05408\" src=\"http:\/\/www.mrexhibition.net\/wp_mimi\/wp_mimi-content\/uploads\/2013\/08\/resize_DSC05408.jpg\" width=\"1024\" height=\"680\" srcset=\"http:\/\/www.mrexhibition.net\/wp_mimi\/wp_mimi-content\/uploads\/2013\/08\/resize_DSC05408.jpg 1024w, http:\/\/www.mrexhibition.net\/wp_mimi\/wp_mimi-content\/uploads\/2013\/08\/resize_DSC05408-300x199.jpg 300w\" sizes=\"(max-width: 1024px) 100vw, 1024px\" \/><\/a><\/p>\n<div id=\"attachment_2122\" style=\"width: 1034px\" class=\"wp-caption aligncenter\"><a href=\"http:\/\/www.mrexhibition.net\/wp_mimi\/wp_mimi-content\/uploads\/2013\/08\/resize_DSC05445.jpg\"><img aria-describedby=\"caption-attachment-2122\" decoding=\"async\" loading=\"lazy\" class=\"size-full wp-image-2122\" alt=\"Une des boutiques de Sukiennice\" src=\"http:\/\/www.mrexhibition.net\/wp_mimi\/wp_mimi-content\/uploads\/2013\/08\/resize_DSC05445.jpg\" width=\"1024\" height=\"680\" srcset=\"http:\/\/www.mrexhibition.net\/wp_mimi\/wp_mimi-content\/uploads\/2013\/08\/resize_DSC05445.jpg 1024w, http:\/\/www.mrexhibition.net\/wp_mimi\/wp_mimi-content\/uploads\/2013\/08\/resize_DSC05445-300x199.jpg 300w\" sizes=\"(max-width: 1024px) 100vw, 1024px\" \/><\/a><p id=\"caption-attachment-2122\" class=\"wp-caption-text\">Une des boutiques de Sukiennice<\/p><\/div>\n<div id=\"attachment_2123\" style=\"width: 1034px\" class=\"wp-caption aligncenter\"><a href=\"http:\/\/www.mrexhibition.net\/wp_mimi\/wp_mimi-content\/uploads\/2013\/08\/resize_DSC05429.jpg\"><img aria-describedby=\"caption-attachment-2123\" decoding=\"async\" loading=\"lazy\" class=\"size-full wp-image-2123\" alt=\"Eglise Sainte-Marie \" src=\"http:\/\/www.mrexhibition.net\/wp_mimi\/wp_mimi-content\/uploads\/2013\/08\/resize_DSC05429.jpg\" width=\"1024\" height=\"680\" srcset=\"http:\/\/www.mrexhibition.net\/wp_mimi\/wp_mimi-content\/uploads\/2013\/08\/resize_DSC05429.jpg 1024w, http:\/\/www.mrexhibition.net\/wp_mimi\/wp_mimi-content\/uploads\/2013\/08\/resize_DSC05429-300x199.jpg 300w\" sizes=\"(max-width: 1024px) 100vw, 1024px\" \/><\/a><p id=\"caption-attachment-2123\" class=\"wp-caption-text\">Eglise Sainte-Marie<\/p><\/div>\n<div id=\"attachment_2124\" style=\"width: 1034px\" class=\"wp-caption aligncenter\"><a href=\"http:\/\/www.mrexhibition.net\/wp_mimi\/wp_mimi-content\/uploads\/2013\/08\/resize_DSC05415.jpg\"><img aria-describedby=\"caption-attachment-2124\" decoding=\"async\" loading=\"lazy\" class=\"size-full wp-image-2124\" alt=\"L'int\u00e9rieur de l'\u00e9glise Sainte-Marie\" src=\"http:\/\/www.mrexhibition.net\/wp_mimi\/wp_mimi-content\/uploads\/2013\/08\/resize_DSC05415.jpg\" width=\"1024\" height=\"680\" srcset=\"http:\/\/www.mrexhibition.net\/wp_mimi\/wp_mimi-content\/uploads\/2013\/08\/resize_DSC05415.jpg 1024w, http:\/\/www.mrexhibition.net\/wp_mimi\/wp_mimi-content\/uploads\/2013\/08\/resize_DSC05415-300x199.jpg 300w\" sizes=\"(max-width: 1024px) 100vw, 1024px\" \/><\/a><p id=\"caption-attachment-2124\" class=\"wp-caption-text\">L&rsquo;int\u00e9rieur de l&rsquo;\u00e9glise Sainte-Marie<\/p><\/div>\n<div id=\"attachment_2121\" style=\"width: 1034px\" class=\"wp-caption aligncenter\"><a href=\"http:\/\/www.mrexhibition.net\/wp_mimi\/wp_mimi-content\/uploads\/2013\/08\/resize_DSC05458.jpg\"><img aria-describedby=\"caption-attachment-2121\" decoding=\"async\" loading=\"lazy\" class=\"size-full wp-image-2121\" alt=\"Devant Sukiennice, un v\u00e9hicule militaire pour la projection de Krzysztof Wodiczko\" src=\"http:\/\/www.mrexhibition.net\/wp_mimi\/wp_mimi-content\/uploads\/2013\/08\/resize_DSC05458.jpg\" width=\"1024\" height=\"680\" srcset=\"http:\/\/www.mrexhibition.net\/wp_mimi\/wp_mimi-content\/uploads\/2013\/08\/resize_DSC05458.jpg 1024w, http:\/\/www.mrexhibition.net\/wp_mimi\/wp_mimi-content\/uploads\/2013\/08\/resize_DSC05458-300x199.jpg 300w\" sizes=\"(max-width: 1024px) 100vw, 1024px\" \/><\/a><p id=\"caption-attachment-2121\" class=\"wp-caption-text\">Devant Sukiennice, un v\u00e9hicule militaire pour la projection de Krzysztof Wodiczko<\/p><\/div>\n<div id=\"attachment_2117\" style=\"width: 1034px\" class=\"wp-caption aligncenter\"><a href=\"http:\/\/www.mrexhibition.net\/wp_mimi\/wp_mimi-content\/uploads\/2013\/08\/resize_DSC05505.jpg\"><img aria-describedby=\"caption-attachment-2117\" decoding=\"async\" loading=\"lazy\" class=\"size-full wp-image-2117\" alt=\" &quot;War Veteran Vehicle Project&quot;, le 23 juillet \u00e0 Cracovie\" src=\"http:\/\/www.mrexhibition.net\/wp_mimi\/wp_mimi-content\/uploads\/2013\/08\/resize_DSC05505.jpg\" width=\"1024\" height=\"680\" srcset=\"http:\/\/www.mrexhibition.net\/wp_mimi\/wp_mimi-content\/uploads\/2013\/08\/resize_DSC05505.jpg 1024w, http:\/\/www.mrexhibition.net\/wp_mimi\/wp_mimi-content\/uploads\/2013\/08\/resize_DSC05505-300x199.jpg 300w\" sizes=\"(max-width: 1024px) 100vw, 1024px\" \/><\/a><p id=\"caption-attachment-2117\" class=\"wp-caption-text\">\u00ab\u00a0War Veteran Vehicle Project\u00a0\u00bb, le 23 juillet \u00e0 Cracovie<\/p><\/div>\n<p><a href=\"http:\/\/www.mrexhibition.net\/wp_mimi\/wp_mimi-content\/uploads\/2013\/08\/resize_DSC05514.jpg\"><img decoding=\"async\" loading=\"lazy\" class=\"aligncenter size-full wp-image-2116\" alt=\"resize_DSC05514\" src=\"http:\/\/www.mrexhibition.net\/wp_mimi\/wp_mimi-content\/uploads\/2013\/08\/resize_DSC05514.jpg\" width=\"1024\" height=\"680\" srcset=\"http:\/\/www.mrexhibition.net\/wp_mimi\/wp_mimi-content\/uploads\/2013\/08\/resize_DSC05514.jpg 1024w, http:\/\/www.mrexhibition.net\/wp_mimi\/wp_mimi-content\/uploads\/2013\/08\/resize_DSC05514-300x199.jpg 300w\" sizes=\"(max-width: 1024px) 100vw, 1024px\" \/><\/a><\/p>\n<p><a href=\"http:\/\/www.mrexhibition.net\/wp_mimi\/wp_mimi-content\/uploads\/2013\/08\/resize_DSC05495.jpg\"><img decoding=\"async\" loading=\"lazy\" class=\"aligncenter size-full wp-image-2118\" alt=\"resize_DSC05495\" src=\"http:\/\/www.mrexhibition.net\/wp_mimi\/wp_mimi-content\/uploads\/2013\/08\/resize_DSC05495.jpg\" width=\"1024\" height=\"680\" srcset=\"http:\/\/www.mrexhibition.net\/wp_mimi\/wp_mimi-content\/uploads\/2013\/08\/resize_DSC05495.jpg 1024w, http:\/\/www.mrexhibition.net\/wp_mimi\/wp_mimi-content\/uploads\/2013\/08\/resize_DSC05495-300x199.jpg 300w\" sizes=\"(max-width: 1024px) 100vw, 1024px\" \/><\/a><\/p>\n<div id=\"attachment_2126\" style=\"width: 1034px\" class=\"wp-caption aligncenter\"><a href=\"http:\/\/www.mrexhibition.net\/wp_mimi\/wp_mimi-content\/uploads\/2013\/08\/resize_DSC05400.jpg\"><img aria-describedby=\"caption-attachment-2126\" decoding=\"async\" loading=\"lazy\" class=\"size-full wp-image-2126\" alt=\"Le symbole de la poste polonaise, le cor ?\" src=\"http:\/\/www.mrexhibition.net\/wp_mimi\/wp_mimi-content\/uploads\/2013\/08\/resize_DSC05400.jpg\" width=\"1024\" height=\"680\" srcset=\"http:\/\/www.mrexhibition.net\/wp_mimi\/wp_mimi-content\/uploads\/2013\/08\/resize_DSC05400.jpg 1024w, http:\/\/www.mrexhibition.net\/wp_mimi\/wp_mimi-content\/uploads\/2013\/08\/resize_DSC05400-300x199.jpg 300w\" sizes=\"(max-width: 1024px) 100vw, 1024px\" \/><\/a><p id=\"caption-attachment-2126\" class=\"wp-caption-text\">Le symbole de la poste polonaise, le cor ?<\/p><\/div>\n<p><a href=\"http:\/\/www.mrexhibition.net\/wp_mimi\/wp_mimi-content\/uploads\/2013\/08\/resize_DSC05528.jpg\"><img decoding=\"async\" loading=\"lazy\" class=\"aligncenter size-full wp-image-2115\" alt=\"resize_DSC05528\" src=\"http:\/\/www.mrexhibition.net\/wp_mimi\/wp_mimi-content\/uploads\/2013\/08\/resize_DSC05528.jpg\" width=\"1024\" height=\"680\" srcset=\"http:\/\/www.mrexhibition.net\/wp_mimi\/wp_mimi-content\/uploads\/2013\/08\/resize_DSC05528.jpg 1024w, http:\/\/www.mrexhibition.net\/wp_mimi\/wp_mimi-content\/uploads\/2013\/08\/resize_DSC05528-300x199.jpg 300w\" sizes=\"(max-width: 1024px) 100vw, 1024px\" \/><\/a><\/p>\n<div id=\"attachment_2119\" style=\"width: 550px\" class=\"wp-caption aligncenter\"><a href=\"http:\/\/www.mrexhibition.net\/wp_mimi\/wp_mimi-content\/uploads\/2013\/08\/resize_DSC05478.jpg\"><img aria-describedby=\"caption-attachment-2119\" decoding=\"async\" loading=\"lazy\" class=\"size-large wp-image-2119\" alt=\"La rue Krupnicza\" src=\"http:\/\/www.mrexhibition.net\/wp_mimi\/wp_mimi-content\/uploads\/2013\/08\/resize_DSC05478-680x1024.jpg\" width=\"540\" height=\"813\" srcset=\"http:\/\/www.mrexhibition.net\/wp_mimi\/wp_mimi-content\/uploads\/2013\/08\/resize_DSC05478-680x1024.jpg 680w, http:\/\/www.mrexhibition.net\/wp_mimi\/wp_mimi-content\/uploads\/2013\/08\/resize_DSC05478-199x300.jpg 199w, http:\/\/www.mrexhibition.net\/wp_mimi\/wp_mimi-content\/uploads\/2013\/08\/resize_DSC05478.jpg 1024w\" sizes=\"(max-width: 540px) 100vw, 540px\" \/><\/a><p id=\"caption-attachment-2119\" class=\"wp-caption-text\">La rue Krupnicza<\/p><\/div>\n<div id=\"attachment_2113\" style=\"width: 1034px\" class=\"wp-caption aligncenter\"><a href=\"http:\/\/www.mrexhibition.net\/wp_mimi\/wp_mimi-content\/uploads\/2013\/08\/resize_DSC05568.jpg\"><img aria-describedby=\"caption-attachment-2113\" decoding=\"async\" loading=\"lazy\" class=\"size-full wp-image-2113\" alt=\"Wawel, Cath\u00e9drale du Wawel\" src=\"http:\/\/www.mrexhibition.net\/wp_mimi\/wp_mimi-content\/uploads\/2013\/08\/resize_DSC05568.jpg\" width=\"1024\" height=\"680\" srcset=\"http:\/\/www.mrexhibition.net\/wp_mimi\/wp_mimi-content\/uploads\/2013\/08\/resize_DSC05568.jpg 1024w, http:\/\/www.mrexhibition.net\/wp_mimi\/wp_mimi-content\/uploads\/2013\/08\/resize_DSC05568-300x199.jpg 300w\" sizes=\"(max-width: 1024px) 100vw, 1024px\" \/><\/a><p id=\"caption-attachment-2113\" class=\"wp-caption-text\">Wawel, Cath\u00e9drale du Wawel<\/p><\/div>\n<div id=\"attachment_2114\" style=\"width: 1034px\" class=\"wp-caption aligncenter\"><a href=\"http:\/\/www.mrexhibition.net\/wp_mimi\/wp_mimi-content\/uploads\/2013\/08\/resize_DSC05556.jpg\"><img aria-describedby=\"caption-attachment-2114\" decoding=\"async\" loading=\"lazy\" class=\"size-full wp-image-2114\" alt=\"La dame \u00e0 l'hermine (v.1490) se trouve exceptionnellement dans la cath\u00e9drale.\" src=\"http:\/\/www.mrexhibition.net\/wp_mimi\/wp_mimi-content\/uploads\/2013\/08\/resize_DSC05556.jpg\" width=\"1024\" height=\"680\" srcset=\"http:\/\/www.mrexhibition.net\/wp_mimi\/wp_mimi-content\/uploads\/2013\/08\/resize_DSC05556.jpg 1024w, http:\/\/www.mrexhibition.net\/wp_mimi\/wp_mimi-content\/uploads\/2013\/08\/resize_DSC05556-300x199.jpg 300w\" sizes=\"(max-width: 1024px) 100vw, 1024px\" \/><\/a><p id=\"caption-attachment-2114\" class=\"wp-caption-text\">La dame \u00e0 l&rsquo;hermine (v.1490) se trouve exceptionnellement dans la cath\u00e9drale.<\/p><\/div>\n<div id=\"attachment_2112\" style=\"width: 1034px\" class=\"wp-caption aligncenter\"><a href=\"http:\/\/www.mrexhibition.net\/wp_mimi\/wp_mimi-content\/uploads\/2013\/08\/resize_DSC05689.jpg\"><img aria-describedby=\"caption-attachment-2112\" decoding=\"async\" loading=\"lazy\" class=\"size-full wp-image-2112\" alt=\"Le joli train vu pr\u00e8s de la mine de sel de Wieliczka\" src=\"http:\/\/www.mrexhibition.net\/wp_mimi\/wp_mimi-content\/uploads\/2013\/08\/resize_DSC05689.jpg\" width=\"1024\" height=\"680\" srcset=\"http:\/\/www.mrexhibition.net\/wp_mimi\/wp_mimi-content\/uploads\/2013\/08\/resize_DSC05689.jpg 1024w, http:\/\/www.mrexhibition.net\/wp_mimi\/wp_mimi-content\/uploads\/2013\/08\/resize_DSC05689-300x199.jpg 300w\" sizes=\"(max-width: 1024px) 100vw, 1024px\" \/><\/a><p id=\"caption-attachment-2112\" class=\"wp-caption-text\">Le joli train vu pr\u00e8s de la mine de sel de Wieliczka<\/p><\/div>\n<div id=\"attachment_2111\" style=\"width: 550px\" class=\"wp-caption aligncenter\"><a href=\"http:\/\/www.mrexhibition.net\/wp_mimi\/wp_mimi-content\/uploads\/2013\/08\/resize_DSC05710.jpg\"><img aria-describedby=\"caption-attachment-2111\" decoding=\"async\" loading=\"lazy\" class=\"size-large wp-image-2111\" alt=\"La mine de sel de Wieliczka\" src=\"http:\/\/www.mrexhibition.net\/wp_mimi\/wp_mimi-content\/uploads\/2013\/08\/resize_DSC05710-680x1024.jpg\" width=\"540\" height=\"813\" srcset=\"http:\/\/www.mrexhibition.net\/wp_mimi\/wp_mimi-content\/uploads\/2013\/08\/resize_DSC05710-680x1024.jpg 680w, http:\/\/www.mrexhibition.net\/wp_mimi\/wp_mimi-content\/uploads\/2013\/08\/resize_DSC05710-199x300.jpg 199w, http:\/\/www.mrexhibition.net\/wp_mimi\/wp_mimi-content\/uploads\/2013\/08\/resize_DSC05710.jpg 1024w\" sizes=\"(max-width: 540px) 100vw, 540px\" \/><\/a><p id=\"caption-attachment-2111\" class=\"wp-caption-text\">La mine de sel de Wieliczka<\/p><\/div>\n<div id=\"attachment_2110\" style=\"width: 1034px\" class=\"wp-caption aligncenter\"><a href=\"http:\/\/www.mrexhibition.net\/wp_mimi\/wp_mimi-content\/uploads\/2013\/08\/resize_DSC05717.jpg\"><img aria-describedby=\"caption-attachment-2110\" decoding=\"async\" loading=\"lazy\" class=\"size-full wp-image-2110\" alt=\"Mus\u00e9e situ\u00e9 \u00e0 135 m\u00e8tres de profondeur\" src=\"http:\/\/www.mrexhibition.net\/wp_mimi\/wp_mimi-content\/uploads\/2013\/08\/resize_DSC05717.jpg\" width=\"1024\" height=\"680\" srcset=\"http:\/\/www.mrexhibition.net\/wp_mimi\/wp_mimi-content\/uploads\/2013\/08\/resize_DSC05717.jpg 1024w, http:\/\/www.mrexhibition.net\/wp_mimi\/wp_mimi-content\/uploads\/2013\/08\/resize_DSC05717-300x199.jpg 300w\" sizes=\"(max-width: 1024px) 100vw, 1024px\" \/><\/a><p id=\"caption-attachment-2110\" class=\"wp-caption-text\">Mus\u00e9e situ\u00e9 \u00e0 135 m\u00e8tres de profondeur<\/p><\/div>\n<div id=\"attachment_2109\" style=\"width: 1034px\" class=\"wp-caption aligncenter\"><a href=\"http:\/\/www.mrexhibition.net\/wp_mimi\/wp_mimi-content\/uploads\/2013\/08\/resize_DSC05772.jpg\"><img aria-describedby=\"caption-attachment-2109\" decoding=\"async\" loading=\"lazy\" class=\"size-full wp-image-2109\" alt=\"L'\u00e9glise creus\u00e9e dans le sel\" src=\"http:\/\/www.mrexhibition.net\/wp_mimi\/wp_mimi-content\/uploads\/2013\/08\/resize_DSC05772.jpg\" width=\"1024\" height=\"680\" srcset=\"http:\/\/www.mrexhibition.net\/wp_mimi\/wp_mimi-content\/uploads\/2013\/08\/resize_DSC05772.jpg 1024w, http:\/\/www.mrexhibition.net\/wp_mimi\/wp_mimi-content\/uploads\/2013\/08\/resize_DSC05772-300x199.jpg 300w\" sizes=\"(max-width: 1024px) 100vw, 1024px\" \/><\/a><p id=\"caption-attachment-2109\" class=\"wp-caption-text\">L&rsquo;\u00e9glise creus\u00e9e dans le sel<\/p><\/div>\n<p><a href=\"http:\/\/www.mrexhibition.net\/wp_mimi\/wp_mimi-content\/uploads\/2013\/08\/resize_DSC05967.jpg\"><img decoding=\"async\" loading=\"lazy\" class=\"aligncenter size-full wp-image-2108\" alt=\"resize_DSC05967\" src=\"http:\/\/www.mrexhibition.net\/wp_mimi\/wp_mimi-content\/uploads\/2013\/08\/resize_DSC05967.jpg\" width=\"1024\" height=\"680\" srcset=\"http:\/\/www.mrexhibition.net\/wp_mimi\/wp_mimi-content\/uploads\/2013\/08\/resize_DSC05967.jpg 1024w, http:\/\/www.mrexhibition.net\/wp_mimi\/wp_mimi-content\/uploads\/2013\/08\/resize_DSC05967-300x199.jpg 300w\" sizes=\"(max-width: 1024px) 100vw, 1024px\" \/><\/a><\/p>\n<div id=\"attachment_2107\" style=\"width: 550px\" class=\"wp-caption aligncenter\"><a href=\"http:\/\/www.mrexhibition.net\/wp_mimi\/wp_mimi-content\/uploads\/2013\/08\/resize_DSC06122.jpg\"><img aria-describedby=\"caption-attachment-2107\" decoding=\"async\" loading=\"lazy\" class=\"size-large wp-image-2107\" alt=\"vue par la fen\u00eatre d'une chambre\" src=\"http:\/\/www.mrexhibition.net\/wp_mimi\/wp_mimi-content\/uploads\/2013\/08\/resize_DSC06122-680x1024.jpg\" width=\"540\" height=\"813\" srcset=\"http:\/\/www.mrexhibition.net\/wp_mimi\/wp_mimi-content\/uploads\/2013\/08\/resize_DSC06122-680x1024.jpg 680w, http:\/\/www.mrexhibition.net\/wp_mimi\/wp_mimi-content\/uploads\/2013\/08\/resize_DSC06122-199x300.jpg 199w, http:\/\/www.mrexhibition.net\/wp_mimi\/wp_mimi-content\/uploads\/2013\/08\/resize_DSC06122.jpg 1024w\" sizes=\"(max-width: 540px) 100vw, 540px\" \/><\/a><p id=\"caption-attachment-2107\" class=\"wp-caption-text\">vue par la fen\u00eatre d&rsquo;une chambre<\/p><\/div>\n<p>&nbsp;<\/p>\n<p><span style=\"color: #000000;\">\u00c0 Varsovie, du 28 juillet au 30 juillet 2013<\/span><br \/>\n<span style=\"color: #000000;\"> \u30ef\u30eb\u30b7\u30e3\u30ef\u3078\u3002\u96fb\u8eca\u3067\u79fb\u52d5\u3002<\/span><\/p>\n<div id=\"attachment_2106\" style=\"width: 1034px\" class=\"wp-caption aligncenter\"><a href=\"http:\/\/www.mrexhibition.net\/wp_mimi\/wp_mimi-content\/uploads\/2013\/08\/resize_DSC06158.jpg\"><img aria-describedby=\"caption-attachment-2106\" decoding=\"async\" loading=\"lazy\" class=\"size-full wp-image-2106\" alt=\"L'ICC, train pour Varsovie\" src=\"http:\/\/www.mrexhibition.net\/wp_mimi\/wp_mimi-content\/uploads\/2013\/08\/resize_DSC06158.jpg\" width=\"1024\" height=\"680\" srcset=\"http:\/\/www.mrexhibition.net\/wp_mimi\/wp_mimi-content\/uploads\/2013\/08\/resize_DSC06158.jpg 1024w, http:\/\/www.mrexhibition.net\/wp_mimi\/wp_mimi-content\/uploads\/2013\/08\/resize_DSC06158-300x199.jpg 300w\" sizes=\"(max-width: 1024px) 100vw, 1024px\" \/><\/a><p id=\"caption-attachment-2106\" class=\"wp-caption-text\">L&rsquo;ICC, train pour Varsovie<\/p><\/div>\n<div id=\"attachment_2105\" style=\"width: 1034px\" class=\"wp-caption aligncenter\"><a href=\"http:\/\/www.mrexhibition.net\/wp_mimi\/wp_mimi-content\/uploads\/2013\/08\/resize_DSC06172.jpg\"><img aria-describedby=\"caption-attachment-2105\" decoding=\"async\" loading=\"lazy\" class=\"size-full wp-image-2105\" alt=\"dans le train, ICC, la dur\u00e9e de trajet 3.5 h\" src=\"http:\/\/www.mrexhibition.net\/wp_mimi\/wp_mimi-content\/uploads\/2013\/08\/resize_DSC06172.jpg\" width=\"1024\" height=\"680\" srcset=\"http:\/\/www.mrexhibition.net\/wp_mimi\/wp_mimi-content\/uploads\/2013\/08\/resize_DSC06172.jpg 1024w, http:\/\/www.mrexhibition.net\/wp_mimi\/wp_mimi-content\/uploads\/2013\/08\/resize_DSC06172-300x199.jpg 300w\" sizes=\"(max-width: 1024px) 100vw, 1024px\" \/><\/a><p id=\"caption-attachment-2105\" class=\"wp-caption-text\">dans le train, ICC, la dur\u00e9e de trajet 3.5 h<\/p><\/div>\n<div id=\"attachment_2104\" style=\"width: 1034px\" class=\"wp-caption aligncenter\"><a href=\"http:\/\/www.mrexhibition.net\/wp_mimi\/wp_mimi-content\/uploads\/2013\/08\/resize_DSC06183.jpg\"><img aria-describedby=\"caption-attachment-2104\" decoding=\"async\" loading=\"lazy\" class=\"size-full wp-image-2104\" alt=\"paysage par la fen\u00eatre\" src=\"http:\/\/www.mrexhibition.net\/wp_mimi\/wp_mimi-content\/uploads\/2013\/08\/resize_DSC06183.jpg\" width=\"1024\" height=\"680\" srcset=\"http:\/\/www.mrexhibition.net\/wp_mimi\/wp_mimi-content\/uploads\/2013\/08\/resize_DSC06183.jpg 1024w, http:\/\/www.mrexhibition.net\/wp_mimi\/wp_mimi-content\/uploads\/2013\/08\/resize_DSC06183-300x199.jpg 300w\" sizes=\"(max-width: 1024px) 100vw, 1024px\" \/><\/a><p id=\"caption-attachment-2104\" class=\"wp-caption-text\">paysage par la fen\u00eatre<\/p><\/div>\n<div id=\"attachment_2103\" style=\"width: 550px\" class=\"wp-caption aligncenter\"><a href=\"http:\/\/www.mrexhibition.net\/wp_mimi\/wp_mimi-content\/uploads\/2013\/08\/resize_DSC06195.jpg\"><img aria-describedby=\"caption-attachment-2103\" decoding=\"async\" loading=\"lazy\" class=\"size-large wp-image-2103\" alt=\"buildings pr\u00e8s de la station centrale\" src=\"http:\/\/www.mrexhibition.net\/wp_mimi\/wp_mimi-content\/uploads\/2013\/08\/resize_DSC06195-680x1024.jpg\" width=\"540\" height=\"813\" srcset=\"http:\/\/www.mrexhibition.net\/wp_mimi\/wp_mimi-content\/uploads\/2013\/08\/resize_DSC06195-680x1024.jpg 680w, http:\/\/www.mrexhibition.net\/wp_mimi\/wp_mimi-content\/uploads\/2013\/08\/resize_DSC06195-199x300.jpg 199w, http:\/\/www.mrexhibition.net\/wp_mimi\/wp_mimi-content\/uploads\/2013\/08\/resize_DSC06195.jpg 1024w\" sizes=\"(max-width: 540px) 100vw, 540px\" \/><\/a><p id=\"caption-attachment-2103\" class=\"wp-caption-text\">buildings pr\u00e8s de la station centrale<\/p><\/div>\n<p><a href=\"http:\/\/www.mrexhibition.net\/wp_mimi\/wp_mimi-content\/uploads\/2013\/08\/resize_DSC06224.jpg\"><img decoding=\"async\" loading=\"lazy\" class=\"aligncenter size-full wp-image-2102\" alt=\"resize_DSC06224\" src=\"http:\/\/www.mrexhibition.net\/wp_mimi\/wp_mimi-content\/uploads\/2013\/08\/resize_DSC06224.jpg\" width=\"1024\" height=\"680\" srcset=\"http:\/\/www.mrexhibition.net\/wp_mimi\/wp_mimi-content\/uploads\/2013\/08\/resize_DSC06224.jpg 1024w, http:\/\/www.mrexhibition.net\/wp_mimi\/wp_mimi-content\/uploads\/2013\/08\/resize_DSC06224-300x199.jpg 300w\" sizes=\"(max-width: 1024px) 100vw, 1024px\" \/><\/a><\/p>\n<p><a href=\"http:\/\/www.mrexhibition.net\/wp_mimi\/wp_mimi-content\/uploads\/2013\/08\/resize_DSC06228.jpg\"><img decoding=\"async\" loading=\"lazy\" class=\"aligncenter size-full wp-image-2101\" alt=\"resize_DSC06228\" src=\"http:\/\/www.mrexhibition.net\/wp_mimi\/wp_mimi-content\/uploads\/2013\/08\/resize_DSC06228.jpg\" width=\"1024\" height=\"680\" srcset=\"http:\/\/www.mrexhibition.net\/wp_mimi\/wp_mimi-content\/uploads\/2013\/08\/resize_DSC06228.jpg 1024w, http:\/\/www.mrexhibition.net\/wp_mimi\/wp_mimi-content\/uploads\/2013\/08\/resize_DSC06228-300x199.jpg 300w\" sizes=\"(max-width: 1024px) 100vw, 1024px\" \/><\/a><\/p>\n<div id=\"attachment_2100\" style=\"width: 550px\" class=\"wp-caption aligncenter\"><a href=\"http:\/\/www.mrexhibition.net\/wp_mimi\/wp_mimi-content\/uploads\/2013\/08\/resize_DSC06433.jpg\"><img aria-describedby=\"caption-attachment-2100\" decoding=\"async\" loading=\"lazy\" class=\"size-large wp-image-2100\" alt=\" Zacheta National Gallery of Art\" src=\"http:\/\/www.mrexhibition.net\/wp_mimi\/wp_mimi-content\/uploads\/2013\/08\/resize_DSC06433-680x1024.jpg\" width=\"540\" height=\"813\" srcset=\"http:\/\/www.mrexhibition.net\/wp_mimi\/wp_mimi-content\/uploads\/2013\/08\/resize_DSC06433-680x1024.jpg 680w, http:\/\/www.mrexhibition.net\/wp_mimi\/wp_mimi-content\/uploads\/2013\/08\/resize_DSC06433-199x300.jpg 199w, http:\/\/www.mrexhibition.net\/wp_mimi\/wp_mimi-content\/uploads\/2013\/08\/resize_DSC06433.jpg 1024w\" sizes=\"(max-width: 540px) 100vw, 540px\" \/><\/a><p id=\"caption-attachment-2100\" class=\"wp-caption-text\">Zacheta National Gallery of Art<\/p><\/div>\n<div id=\"attachment_2099\" style=\"width: 1034px\" class=\"wp-caption aligncenter\"><a href=\"http:\/\/www.mrexhibition.net\/wp_mimi\/wp_mimi-content\/uploads\/2013\/08\/resize_DSC06554.jpg\"><img aria-describedby=\"caption-attachment-2099\" decoding=\"async\" loading=\"lazy\" class=\"size-full wp-image-2099\" alt=\"Museum of Modern Art in Warsaw, Library\" src=\"http:\/\/www.mrexhibition.net\/wp_mimi\/wp_mimi-content\/uploads\/2013\/08\/resize_DSC06554.jpg\" width=\"1024\" height=\"680\" srcset=\"http:\/\/www.mrexhibition.net\/wp_mimi\/wp_mimi-content\/uploads\/2013\/08\/resize_DSC06554.jpg 1024w, http:\/\/www.mrexhibition.net\/wp_mimi\/wp_mimi-content\/uploads\/2013\/08\/resize_DSC06554-300x199.jpg 300w\" sizes=\"(max-width: 1024px) 100vw, 1024px\" \/><\/a><p id=\"caption-attachment-2099\" class=\"wp-caption-text\">Museum of Modern Art in Warsaw, Library<\/p><\/div>\n<p><a href=\"http:\/\/www.mrexhibition.net\/wp_mimi\/wp_mimi-content\/uploads\/2013\/08\/resize_DSC06565.jpg\"><img decoding=\"async\" loading=\"lazy\" class=\"aligncenter size-large wp-image-2098\" alt=\"resize_DSC06565\" src=\"http:\/\/www.mrexhibition.net\/wp_mimi\/wp_mimi-content\/uploads\/2013\/08\/resize_DSC06565-680x1024.jpg\" width=\"540\" height=\"813\" srcset=\"http:\/\/www.mrexhibition.net\/wp_mimi\/wp_mimi-content\/uploads\/2013\/08\/resize_DSC06565-680x1024.jpg 680w, http:\/\/www.mrexhibition.net\/wp_mimi\/wp_mimi-content\/uploads\/2013\/08\/resize_DSC06565-199x300.jpg 199w, http:\/\/www.mrexhibition.net\/wp_mimi\/wp_mimi-content\/uploads\/2013\/08\/resize_DSC06565.jpg 1024w\" sizes=\"(max-width: 540px) 100vw, 540px\" \/><\/a><\/p>\n<p><a href=\"http:\/\/www.mrexhibition.net\/wp_mimi\/wp_mimi-content\/uploads\/2013\/08\/resize_DSC06566.jpg\"><img decoding=\"async\" loading=\"lazy\" class=\"aligncenter size-full wp-image-2097\" alt=\"resize_DSC06566\" src=\"http:\/\/www.mrexhibition.net\/wp_mimi\/wp_mimi-content\/uploads\/2013\/08\/resize_DSC06566.jpg\" width=\"1024\" height=\"680\" srcset=\"http:\/\/www.mrexhibition.net\/wp_mimi\/wp_mimi-content\/uploads\/2013\/08\/resize_DSC06566.jpg 1024w, http:\/\/www.mrexhibition.net\/wp_mimi\/wp_mimi-content\/uploads\/2013\/08\/resize_DSC06566-300x199.jpg 300w\" sizes=\"(max-width: 1024px) 100vw, 1024px\" \/><\/a><\/p>\n<p><a href=\"http:\/\/www.mrexhibition.net\/wp_mimi\/wp_mimi-content\/uploads\/2013\/08\/resize_DSC06570.jpg\"><img decoding=\"async\" loading=\"lazy\" class=\"aligncenter size-large wp-image-2096\" alt=\"resize_DSC06570\" src=\"http:\/\/www.mrexhibition.net\/wp_mimi\/wp_mimi-content\/uploads\/2013\/08\/resize_DSC06570-680x1024.jpg\" width=\"540\" height=\"813\" srcset=\"http:\/\/www.mrexhibition.net\/wp_mimi\/wp_mimi-content\/uploads\/2013\/08\/resize_DSC06570-680x1024.jpg 680w, http:\/\/www.mrexhibition.net\/wp_mimi\/wp_mimi-content\/uploads\/2013\/08\/resize_DSC06570-199x300.jpg 199w, http:\/\/www.mrexhibition.net\/wp_mimi\/wp_mimi-content\/uploads\/2013\/08\/resize_DSC06570.jpg 1024w\" sizes=\"(max-width: 540px) 100vw, 540px\" \/><\/a><\/p>\n<div id=\"attachment_2095\" style=\"width: 1034px\" class=\"wp-caption aligncenter\"><a href=\"http:\/\/www.mrexhibition.net\/wp_mimi\/wp_mimi-content\/uploads\/2013\/08\/resize_DSC06610.jpg\"><img aria-describedby=\"caption-attachment-2095\" decoding=\"async\" loading=\"lazy\" class=\"size-full wp-image-2095\" alt=\"Ancienne ville\" src=\"http:\/\/www.mrexhibition.net\/wp_mimi\/wp_mimi-content\/uploads\/2013\/08\/resize_DSC06610.jpg\" width=\"1024\" height=\"680\" srcset=\"http:\/\/www.mrexhibition.net\/wp_mimi\/wp_mimi-content\/uploads\/2013\/08\/resize_DSC06610.jpg 1024w, http:\/\/www.mrexhibition.net\/wp_mimi\/wp_mimi-content\/uploads\/2013\/08\/resize_DSC06610-300x199.jpg 300w\" sizes=\"(max-width: 1024px) 100vw, 1024px\" \/><\/a><p id=\"caption-attachment-2095\" class=\"wp-caption-text\">Ancienne ville<\/p><\/div>\n<p><a href=\"http:\/\/www.mrexhibition.net\/wp_mimi\/wp_mimi-content\/uploads\/2013\/08\/resize_DSC06618.jpg\"><img decoding=\"async\" loading=\"lazy\" class=\"aligncenter size-full wp-image-2094\" alt=\"resize_DSC06618\" src=\"http:\/\/www.mrexhibition.net\/wp_mimi\/wp_mimi-content\/uploads\/2013\/08\/resize_DSC06618.jpg\" width=\"1024\" height=\"680\" srcset=\"http:\/\/www.mrexhibition.net\/wp_mimi\/wp_mimi-content\/uploads\/2013\/08\/resize_DSC06618.jpg 1024w, http:\/\/www.mrexhibition.net\/wp_mimi\/wp_mimi-content\/uploads\/2013\/08\/resize_DSC06618-300x199.jpg 300w\" sizes=\"(max-width: 1024px) 100vw, 1024px\" \/><\/a><\/p>\n<p><a href=\"http:\/\/www.mrexhibition.net\/wp_mimi\/wp_mimi-content\/uploads\/2013\/08\/resize_DSC06629.jpg\"><img decoding=\"async\" loading=\"lazy\" class=\"aligncenter size-full wp-image-2093\" alt=\"resize_DSC06629\" src=\"http:\/\/www.mrexhibition.net\/wp_mimi\/wp_mimi-content\/uploads\/2013\/08\/resize_DSC06629.jpg\" width=\"1024\" height=\"680\" srcset=\"http:\/\/www.mrexhibition.net\/wp_mimi\/wp_mimi-content\/uploads\/2013\/08\/resize_DSC06629.jpg 1024w, http:\/\/www.mrexhibition.net\/wp_mimi\/wp_mimi-content\/uploads\/2013\/08\/resize_DSC06629-300x199.jpg 300w\" sizes=\"(max-width: 1024px) 100vw, 1024px\" \/><\/a><\/p>\n<div id=\"attachment_2092\" style=\"width: 1034px\" class=\"wp-caption aligncenter\"><a href=\"http:\/\/www.mrexhibition.net\/wp_mimi\/wp_mimi-content\/uploads\/2013\/08\/resize_DSC06644.jpg\"><img aria-describedby=\"caption-attachment-2092\" decoding=\"async\" loading=\"lazy\" class=\"size-full wp-image-2092\" alt=\"Rivi\u00e8re Wis\u0142a \" src=\"http:\/\/www.mrexhibition.net\/wp_mimi\/wp_mimi-content\/uploads\/2013\/08\/resize_DSC06644.jpg\" width=\"1024\" height=\"680\" srcset=\"http:\/\/www.mrexhibition.net\/wp_mimi\/wp_mimi-content\/uploads\/2013\/08\/resize_DSC06644.jpg 1024w, http:\/\/www.mrexhibition.net\/wp_mimi\/wp_mimi-content\/uploads\/2013\/08\/resize_DSC06644-300x199.jpg 300w\" sizes=\"(max-width: 1024px) 100vw, 1024px\" \/><\/a><p id=\"caption-attachment-2092\" class=\"wp-caption-text\">Rivi\u00e8re Wis\u0142a<\/p><\/div>\n<div id=\"attachment_2091\" style=\"width: 1034px\" class=\"wp-caption aligncenter\"><a href=\"http:\/\/www.mrexhibition.net\/wp_mimi\/wp_mimi-content\/uploads\/2013\/08\/resize_DSC06675.jpg\"><img aria-describedby=\"caption-attachment-2091\" decoding=\"async\" loading=\"lazy\" class=\"size-full wp-image-2091\" alt=\"Bazar Rozyckiego, Praga\" src=\"http:\/\/www.mrexhibition.net\/wp_mimi\/wp_mimi-content\/uploads\/2013\/08\/resize_DSC06675.jpg\" width=\"1024\" height=\"680\" srcset=\"http:\/\/www.mrexhibition.net\/wp_mimi\/wp_mimi-content\/uploads\/2013\/08\/resize_DSC06675.jpg 1024w, http:\/\/www.mrexhibition.net\/wp_mimi\/wp_mimi-content\/uploads\/2013\/08\/resize_DSC06675-300x199.jpg 300w\" sizes=\"(max-width: 1024px) 100vw, 1024px\" \/><\/a><p id=\"caption-attachment-2091\" class=\"wp-caption-text\">Bazar Rozyckiego, Praga<\/p><\/div>\n<div id=\"attachment_2090\" style=\"width: 1034px\" class=\"wp-caption aligncenter\"><a href=\"http:\/\/www.mrexhibition.net\/wp_mimi\/wp_mimi-content\/uploads\/2013\/08\/resize_DSC06684.jpg\"><img aria-describedby=\"caption-attachment-2090\" decoding=\"async\" loading=\"lazy\" class=\"size-full wp-image-2090\" alt=\"Bazar Rozyckiego\" src=\"http:\/\/www.mrexhibition.net\/wp_mimi\/wp_mimi-content\/uploads\/2013\/08\/resize_DSC06684.jpg\" width=\"1024\" height=\"680\" srcset=\"http:\/\/www.mrexhibition.net\/wp_mimi\/wp_mimi-content\/uploads\/2013\/08\/resize_DSC06684.jpg 1024w, http:\/\/www.mrexhibition.net\/wp_mimi\/wp_mimi-content\/uploads\/2013\/08\/resize_DSC06684-300x199.jpg 300w\" sizes=\"(max-width: 1024px) 100vw, 1024px\" \/><\/a><p id=\"caption-attachment-2090\" class=\"wp-caption-text\">Bazar Rozyckiego<\/p><\/div>\n<div id=\"attachment_2089\" style=\"width: 1034px\" class=\"wp-caption aligncenter\"><a href=\"http:\/\/www.mrexhibition.net\/wp_mimi\/wp_mimi-content\/uploads\/2013\/08\/resize_DSC06719.jpg\"><img aria-describedby=\"caption-attachment-2089\" decoding=\"async\" loading=\"lazy\" class=\"size-full wp-image-2089\" alt=\"Dress code, Cerkiew \u015bw. Marii Magdaleny\" src=\"http:\/\/www.mrexhibition.net\/wp_mimi\/wp_mimi-content\/uploads\/2013\/08\/resize_DSC06719.jpg\" width=\"1024\" height=\"680\" srcset=\"http:\/\/www.mrexhibition.net\/wp_mimi\/wp_mimi-content\/uploads\/2013\/08\/resize_DSC06719.jpg 1024w, http:\/\/www.mrexhibition.net\/wp_mimi\/wp_mimi-content\/uploads\/2013\/08\/resize_DSC06719-300x199.jpg 300w\" sizes=\"(max-width: 1024px) 100vw, 1024px\" \/><\/a><p id=\"caption-attachment-2089\" class=\"wp-caption-text\">Dress code, Cerkiew \u015bw. Marii Magdaleny<\/p><\/div>\n<div id=\"attachment_2088\" style=\"width: 1034px\" class=\"wp-caption aligncenter\"><a href=\"http:\/\/www.mrexhibition.net\/wp_mimi\/wp_mimi-content\/uploads\/2013\/08\/resize_DSC06732.jpg\"><img aria-describedby=\"caption-attachment-2088\" decoding=\"async\" loading=\"lazy\" class=\"size-full wp-image-2088\" alt=\"Park Praski, avec la fameuse girafe \" src=\"http:\/\/www.mrexhibition.net\/wp_mimi\/wp_mimi-content\/uploads\/2013\/08\/resize_DSC06732.jpg\" width=\"1024\" height=\"680\" srcset=\"http:\/\/www.mrexhibition.net\/wp_mimi\/wp_mimi-content\/uploads\/2013\/08\/resize_DSC06732.jpg 1024w, http:\/\/www.mrexhibition.net\/wp_mimi\/wp_mimi-content\/uploads\/2013\/08\/resize_DSC06732-300x199.jpg 300w\" sizes=\"(max-width: 1024px) 100vw, 1024px\" \/><\/a><p id=\"caption-attachment-2088\" class=\"wp-caption-text\">Park Praski, avec la fameuse girafe<\/p><\/div>\n<p><a href=\"http:\/\/www.mrexhibition.net\/wp_mimi\/wp_mimi-content\/uploads\/2013\/08\/resize_DSC06750.jpg\"><img decoding=\"async\" loading=\"lazy\" class=\"aligncenter size-full wp-image-2087\" alt=\"resize_DSC06750\" src=\"http:\/\/www.mrexhibition.net\/wp_mimi\/wp_mimi-content\/uploads\/2013\/08\/resize_DSC06750.jpg\" width=\"1024\" height=\"680\" srcset=\"http:\/\/www.mrexhibition.net\/wp_mimi\/wp_mimi-content\/uploads\/2013\/08\/resize_DSC06750.jpg 1024w, http:\/\/www.mrexhibition.net\/wp_mimi\/wp_mimi-content\/uploads\/2013\/08\/resize_DSC06750-300x199.jpg 300w\" sizes=\"(max-width: 1024px) 100vw, 1024px\" \/><\/a><\/p>\n<div id=\"attachment_2086\" style=\"width: 1034px\" class=\"wp-caption aligncenter\"><a href=\"http:\/\/www.mrexhibition.net\/wp_mimi\/wp_mimi-content\/uploads\/2013\/08\/resize_DSC06867.jpg\"><img aria-describedby=\"caption-attachment-2086\" decoding=\"async\" loading=\"lazy\" class=\"size-full wp-image-2086\" alt=\"repos \" src=\"http:\/\/www.mrexhibition.net\/wp_mimi\/wp_mimi-content\/uploads\/2013\/08\/resize_DSC06867.jpg\" width=\"1024\" height=\"680\" srcset=\"http:\/\/www.mrexhibition.net\/wp_mimi\/wp_mimi-content\/uploads\/2013\/08\/resize_DSC06867.jpg 1024w, http:\/\/www.mrexhibition.net\/wp_mimi\/wp_mimi-content\/uploads\/2013\/08\/resize_DSC06867-300x199.jpg 300w\" sizes=\"(max-width: 1024px) 100vw, 1024px\" \/><\/a><p id=\"caption-attachment-2086\" class=\"wp-caption-text\">repos<\/p><\/div>\n<p><a href=\"http:\/\/www.mrexhibition.net\/wp_mimi\/wp_mimi-content\/uploads\/2013\/08\/resize_DSC06902.jpg\"><img decoding=\"async\" loading=\"lazy\" class=\"aligncenter size-full wp-image-2085\" alt=\"resize_DSC06902\" src=\"http:\/\/www.mrexhibition.net\/wp_mimi\/wp_mimi-content\/uploads\/2013\/08\/resize_DSC06902.jpg\" width=\"1024\" height=\"680\" srcset=\"http:\/\/www.mrexhibition.net\/wp_mimi\/wp_mimi-content\/uploads\/2013\/08\/resize_DSC06902.jpg 1024w, http:\/\/www.mrexhibition.net\/wp_mimi\/wp_mimi-content\/uploads\/2013\/08\/resize_DSC06902-300x199.jpg 300w\" sizes=\"(max-width: 1024px) 100vw, 1024px\" \/><\/a><\/p>\n<p><a href=\"http:\/\/www.mrexhibition.net\/wp_mimi\/wp_mimi-content\/uploads\/2013\/08\/resize_DSC06925.jpg\"><img decoding=\"async\" loading=\"lazy\" class=\"aligncenter size-full wp-image-2084\" alt=\"resize_DSC06925\" src=\"http:\/\/www.mrexhibition.net\/wp_mimi\/wp_mimi-content\/uploads\/2013\/08\/resize_DSC06925.jpg\" width=\"1024\" height=\"680\" srcset=\"http:\/\/www.mrexhibition.net\/wp_mimi\/wp_mimi-content\/uploads\/2013\/08\/resize_DSC06925.jpg 1024w, http:\/\/www.mrexhibition.net\/wp_mimi\/wp_mimi-content\/uploads\/2013\/08\/resize_DSC06925-300x199.jpg 300w\" sizes=\"(max-width: 1024px) 100vw, 1024px\" \/><\/a><\/p>\n<div id=\"attachment_2083\" style=\"width: 1034px\" class=\"wp-caption aligncenter\"><a href=\"http:\/\/www.mrexhibition.net\/wp_mimi\/wp_mimi-content\/uploads\/2013\/08\/resize_DSC06929.jpg\"><img aria-describedby=\"caption-attachment-2083\" decoding=\"async\" loading=\"lazy\" class=\"size-full wp-image-2083\" alt=\"le changement\" src=\"http:\/\/www.mrexhibition.net\/wp_mimi\/wp_mimi-content\/uploads\/2013\/08\/resize_DSC06929.jpg\" width=\"1024\" height=\"680\" srcset=\"http:\/\/www.mrexhibition.net\/wp_mimi\/wp_mimi-content\/uploads\/2013\/08\/resize_DSC06929.jpg 1024w, http:\/\/www.mrexhibition.net\/wp_mimi\/wp_mimi-content\/uploads\/2013\/08\/resize_DSC06929-300x199.jpg 300w\" sizes=\"(max-width: 1024px) 100vw, 1024px\" \/><\/a><p id=\"caption-attachment-2083\" class=\"wp-caption-text\">le changement<\/p><\/div>\n","protected":false},"excerpt":{"rendered":"<p>Cracovie du 23 au 28 juillet 2013 \u30af\u30e9\u30b3\u30a6\u306b\u6ede\u5728\u3057\u307e\u3057\u305f\u3002 &nbsp; \u00c0 Varsovie, du 28 juillet au 30 juillet 2013 \u30ef\u30eb\u30b7\u30e3\u30ef\u3078\u3002\u96fb\u8eca\u3067\u79fb\u52d5\u3002<\/p>\n","protected":false},"author":1,"featured_media":0,"comment_status":"open","ping_status":"open","sticky":false,"template":"","format":"standard","meta":[],"categories":[14,9],"tags":[],"_links":{"self":[{"href":"http:\/\/www.mrexhibition.net\/wp_mimi\/index.php?rest_route=\/wp\/v2\/posts\/2082"}],"collection":[{"href":"http:\/\/www.mrexhibition.net\/wp_mimi\/index.php?rest_route=\/wp\/v2\/posts"}],"about":[{"href":"http:\/\/www.mrexhibition.net\/wp_mimi\/index.php?rest_route=\/wp\/v2\/types\/post"}],"author":[{"embeddable":true,"href":"http:\/\/www.mrexhibition.net\/wp_mimi\/index.php?rest_route=\/wp\/v2\/users\/1"}],"replies":[{"embeddable":true,"href":"http:\/\/www.mrexhibition.net\/wp_mimi\/index.php?rest_route=%2Fwp%2Fv2%2Fcomments&post=2082"}],"version-history":[{"count":6,"href":"http:\/\/www.mrexhibition.net\/wp_mimi\/index.php?rest_route=\/wp\/v2\/posts\/2082\/revisions"}],"predecessor-version":[{"id":2163,"href":"http:\/\/www.mrexhibition.net\/wp_mimi\/index.php?rest_route=\/wp\/v2\/posts\/2082\/revisions\/2163"}],"wp:attachment":[{"href":"http:\/\/www.mrexhibition.net\/wp_mimi\/index.php?rest_route=%2Fwp%2Fv2%2Fmedia&parent=2082"}],"wp:term":[{"taxonomy":"category","embeddable":true,"href":"http:\/\/www.mrexhibition.net\/wp_mimi\/index.php?rest_route=%2Fwp%2Fv2%2Fcategories&post=2082"},{"taxonomy":"post_tag","embeddable":true,"href":"http:\/\/www.mrexhibition.net\/wp_mimi\/index.php?rest_route=%2Fwp%2Fv2%2Ftags&post=2082"}],"curies":[{"name":"wp","href":"https:\/\/api.w.org\/{rel}","templated":true}]}}