{"id":4821,"date":"2016-11-09T00:51:05","date_gmt":"2016-11-08T23:51:05","guid":{"rendered":"http:\/\/www.mrexhibition.net\/wp_mimi\/?p=4821"},"modified":"2016-11-09T00:51:05","modified_gmt":"2016-11-08T23:51:05","slug":"autofictions-ecriture-de-soi-intimite-colloque-a-luniversite-tunis","status":"publish","type":"post","link":"http:\/\/www.mrexhibition.net\/wp_mimi\/?p=4821","title":{"rendered":"Autofiction(s), \u00e9criture de soi, intimit\u00e9 &#8211; Colloque \u00e0 l&rsquo;Universit\u00e9 Tunis"},"content":{"rendered":"<p>J&rsquo;ai le plaisir de vous annoncer ma participation au colloque \u00ab\u00a0Ecriture de soi, invention de soi dans les litt\u00e9ratures fran\u00e7aise et d&rsquo;expression fran\u00e7aise contemporaines\u00a0\u00bb qui aura lieu les 10, 11 et 12 novembre \u00e0 l&rsquo;Universit\u00e9 de Tunis.<\/p>\n<p>Mon intervention abordera l&rsquo;interpr\u00e9tation de l&rsquo;autofiction chez Herv\u00e9 Guibert, : Herv\u00e9 Guibert, Autofiction(s) comme le partage de l&rsquo;intimit\u00e9.<\/p>\n<p><a href=\"http:\/\/www.mrexhibition.net\/wp_mimi\/wp_mimi-content\/uploads\/2016\/11\/tunis-Programme-Ecriture-de-soi-2.jpg\"><img decoding=\"async\" loading=\"lazy\" class=\"alignnone size-large wp-image-4823\" src=\"http:\/\/www.mrexhibition.net\/wp_mimi\/wp_mimi-content\/uploads\/2016\/11\/tunis-Programme-Ecriture-de-soi--1024x724.jpg\" alt=\"tunis-programme-ecriture-de-soi\" width=\"540\" height=\"382\" srcset=\"http:\/\/www.mrexhibition.net\/wp_mimi\/wp_mimi-content\/uploads\/2016\/11\/tunis-Programme-Ecriture-de-soi--1024x724.jpg 1024w, http:\/\/www.mrexhibition.net\/wp_mimi\/wp_mimi-content\/uploads\/2016\/11\/tunis-Programme-Ecriture-de-soi--300x212.jpg 300w, http:\/\/www.mrexhibition.net\/wp_mimi\/wp_mimi-content\/uploads\/2016\/11\/tunis-Programme-Ecriture-de-soi-.jpg 1754w\" sizes=\"(max-width: 540px) 100vw, 540px\" \/><img decoding=\"async\" loading=\"lazy\" class=\"alignnone size-large wp-image-4822\" src=\"http:\/\/www.mrexhibition.net\/wp_mimi\/wp_mimi-content\/uploads\/2016\/11\/tunis-Programme-Ecriture-de-soi-2-1024x724.jpg\" alt=\"tunis-programme-ecriture-de-soi-2\" width=\"540\" height=\"382\" srcset=\"http:\/\/www.mrexhibition.net\/wp_mimi\/wp_mimi-content\/uploads\/2016\/11\/tunis-Programme-Ecriture-de-soi-2-1024x724.jpg 1024w, http:\/\/www.mrexhibition.net\/wp_mimi\/wp_mimi-content\/uploads\/2016\/11\/tunis-Programme-Ecriture-de-soi-2-300x212.jpg 300w, http:\/\/www.mrexhibition.net\/wp_mimi\/wp_mimi-content\/uploads\/2016\/11\/tunis-Programme-Ecriture-de-soi-2.jpg 1754w\" sizes=\"(max-width: 540px) 100vw, 540px\" \/><\/a><a href=\"http:\/\/www.mrexhibition.net\/wp_mimi\/wp_mimi-content\/uploads\/2016\/11\/tunis-Programme-Ecriture-de-soi-.jpg\"><img decoding=\"async\" loading=\"lazy\" class=\"alignnone size-large wp-image-4823\" src=\"http:\/\/www.mrexhibition.net\/wp_mimi\/wp_mimi-content\/uploads\/2016\/11\/tunis-Programme-Ecriture-de-soi--1024x724.jpg\" alt=\"tunis-programme-ecriture-de-soi\" width=\"540\" height=\"382\" srcset=\"http:\/\/www.mrexhibition.net\/wp_mimi\/wp_mimi-content\/uploads\/2016\/11\/tunis-Programme-Ecriture-de-soi--1024x724.jpg 1024w, http:\/\/www.mrexhibition.net\/wp_mimi\/wp_mimi-content\/uploads\/2016\/11\/tunis-Programme-Ecriture-de-soi--300x212.jpg 300w, http:\/\/www.mrexhibition.net\/wp_mimi\/wp_mimi-content\/uploads\/2016\/11\/tunis-Programme-Ecriture-de-soi-.jpg 1754w\" sizes=\"(max-width: 540px) 100vw, 540px\" \/><\/a><\/p>\n","protected":false},"excerpt":{"rendered":"<p>J&rsquo;ai le plaisir de vous annoncer ma participation au colloque \u00ab\u00a0Ecriture de soi, invention de soi dans les litt\u00e9ratures fran\u00e7aise et d&rsquo;expression fran\u00e7aise contemporaines\u00a0\u00bb qui aura lieu les 10, 11 et 12 novembre \u00e0 l&rsquo;Universit\u00e9 de Tunis. Mon intervention abordera l&rsquo;interpr\u00e9tation de l&rsquo;autofiction chez Herv\u00e9 Guibert, : Herv\u00e9 Guibert, Autofiction(s) comme le partage de l&rsquo;intimit\u00e9.<\/p>\n","protected":false},"author":1,"featured_media":0,"comment_status":"open","ping_status":"open","sticky":false,"template":"","format":"standard","meta":[],"categories":[13],"tags":[1041,676,1042],"_links":{"self":[{"href":"http:\/\/www.mrexhibition.net\/wp_mimi\/index.php?rest_route=\/wp\/v2\/posts\/4821"}],"collection":[{"href":"http:\/\/www.mrexhibition.net\/wp_mimi\/index.php?rest_route=\/wp\/v2\/posts"}],"about":[{"href":"http:\/\/www.mrexhibition.net\/wp_mimi\/index.php?rest_route=\/wp\/v2\/types\/post"}],"author":[{"embeddable":true,"href":"http:\/\/www.mrexhibition.net\/wp_mimi\/index.php?rest_route=\/wp\/v2\/users\/1"}],"replies":[{"embeddable":true,"href":"http:\/\/www.mrexhibition.net\/wp_mimi\/index.php?rest_route=%2Fwp%2Fv2%2Fcomments&post=4821"}],"version-history":[{"count":1,"href":"http:\/\/www.mrexhibition.net\/wp_mimi\/index.php?rest_route=\/wp\/v2\/posts\/4821\/revisions"}],"predecessor-version":[{"id":4824,"href":"http:\/\/www.mrexhibition.net\/wp_mimi\/index.php?rest_route=\/wp\/v2\/posts\/4821\/revisions\/4824"}],"wp:attachment":[{"href":"http:\/\/www.mrexhibition.net\/wp_mimi\/index.php?rest_route=%2Fwp%2Fv2%2Fmedia&parent=4821"}],"wp:term":[{"taxonomy":"category","embeddable":true,"href":"http:\/\/www.mrexhibition.net\/wp_mimi\/index.php?rest_route=%2Fwp%2Fv2%2Fcategories&post=4821"},{"taxonomy":"post_tag","embeddable":true,"href":"http:\/\/www.mrexhibition.net\/wp_mimi\/index.php?rest_route=%2Fwp%2Fv2%2Ftags&post=4821"}],"curies":[{"name":"wp","href":"https:\/\/api.w.org\/{rel}","templated":true}]}}