{"id":2872,"date":"2014-04-02T16:56:11","date_gmt":"2014-04-02T15:56:11","guid":{"rendered":"http:\/\/www.mrexhibition.net\/wp_mimi\/?p=2872"},"modified":"2014-04-02T19:42:25","modified_gmt":"2014-04-02T18:42:25","slug":"images-du-printemps-2014","status":"publish","type":"post","link":"https:\/\/www.mrexhibition.net\/wp_mimi\/?p=2872","title":{"rendered":"Images du printemps 2014"},"content":{"rendered":"<p><span style=\"color: #000080;\">Quelques images du printemps 2014.<\/span><br \/>\n<span style=\"color: #000080;\"> Le Kitano Tenman-g\u00fb, un sanctuaire shinto, situ\u00e9 \u00e0 Kyoto.<\/span><br \/>\n<span style=\"color: #000080;\"> Fond\u00e9 en 947, il est vou\u00e9 au culte du dieu Tenjin.<\/span><\/p>\n<p><span style=\"color: #000080;\"><a href=\"http:\/\/www.mrexhibition.net\/wp_mimi\/wp_mimi-content\/uploads\/2014\/04\/salon_DSC04880.jpg\"><span style=\"color: #000080;\"><img decoding=\"async\" loading=\"lazy\" class=\"alignnone size-full wp-image-2880\" alt=\"salon_DSC04880\" src=\"http:\/\/www.mrexhibition.net\/wp_mimi\/wp_mimi-content\/uploads\/2014\/04\/salon_DSC04880.jpg\" width=\"650\" height=\"431\" srcset=\"https:\/\/www.mrexhibition.net\/wp_mimi\/wp_mimi-content\/uploads\/2014\/04\/salon_DSC04880.jpg 650w, https:\/\/www.mrexhibition.net\/wp_mimi\/wp_mimi-content\/uploads\/2014\/04\/salon_DSC04880-300x198.jpg 300w\" sizes=\"(max-width: 650px) 100vw, 650px\" \/><\/span><\/a><\/span><\/p>\n<p><span style=\"color: #000080;\">Une fille fait sa pose pour la prise de photo.<\/span><\/p>\n<p><span style=\"color: #000080;\"><a href=\"http:\/\/www.mrexhibition.net\/wp_mimi\/wp_mimi-content\/uploads\/2014\/04\/salon_DSC04882.jpg\"><span style=\"color: #000080;\"><img decoding=\"async\" loading=\"lazy\" class=\"alignnone size-full wp-image-2879\" alt=\"salon_DSC04882\" src=\"http:\/\/www.mrexhibition.net\/wp_mimi\/wp_mimi-content\/uploads\/2014\/04\/salon_DSC04882.jpg\" width=\"650\" height=\"431\" srcset=\"https:\/\/www.mrexhibition.net\/wp_mimi\/wp_mimi-content\/uploads\/2014\/04\/salon_DSC04882.jpg 650w, https:\/\/www.mrexhibition.net\/wp_mimi\/wp_mimi-content\/uploads\/2014\/04\/salon_DSC04882-300x198.jpg 300w\" sizes=\"(max-width: 650px) 100vw, 650px\" \/><\/span><\/a><\/span><\/p>\n<p><span style=\"color: #000080;\">Um\u00e9s, fleurs de pruniers fleurissent plut\u00f4t que Sakura.<\/span><br \/>\n<span style=\"color: #000080;\"> Sa couleur plus fonc\u00e9e et son bourgeon plus ferme que celui de Sakura.<\/span><\/p>\n<p><span style=\"color: #000080;\"><a href=\"http:\/\/www.mrexhibition.net\/wp_mimi\/wp_mimi-content\/uploads\/2014\/04\/salon_DSC04884.jpg\"><span style=\"color: #000080;\"><img decoding=\"async\" loading=\"lazy\" class=\"alignnone size-full wp-image-2878\" alt=\"salon_DSC04884\" src=\"http:\/\/www.mrexhibition.net\/wp_mimi\/wp_mimi-content\/uploads\/2014\/04\/salon_DSC04884.jpg\" width=\"650\" height=\"431\" srcset=\"https:\/\/www.mrexhibition.net\/wp_mimi\/wp_mimi-content\/uploads\/2014\/04\/salon_DSC04884.jpg 650w, https:\/\/www.mrexhibition.net\/wp_mimi\/wp_mimi-content\/uploads\/2014\/04\/salon_DSC04884-300x198.jpg 300w\" sizes=\"(max-width: 650px) 100vw, 650px\" \/><\/span><\/a><\/span><\/p>\n<p><span style=\"color: #000080;\">Comme on le voit dans cette image.<\/span><\/p>\n<p><span style=\"color: #000080;\"><a href=\"http:\/\/www.mrexhibition.net\/wp_mimi\/wp_mimi-content\/uploads\/2014\/04\/salon_DSC04886.jpg\"><span style=\"color: #000080;\"><img decoding=\"async\" loading=\"lazy\" class=\"alignnone size-full wp-image-2877\" alt=\"salon_DSC04886\" src=\"http:\/\/www.mrexhibition.net\/wp_mimi\/wp_mimi-content\/uploads\/2014\/04\/salon_DSC04886.jpg\" width=\"650\" height=\"431\" srcset=\"https:\/\/www.mrexhibition.net\/wp_mimi\/wp_mimi-content\/uploads\/2014\/04\/salon_DSC04886.jpg 650w, https:\/\/www.mrexhibition.net\/wp_mimi\/wp_mimi-content\/uploads\/2014\/04\/salon_DSC04886-300x198.jpg 300w\" sizes=\"(max-width: 650px) 100vw, 650px\" \/><\/span><\/a><\/span><\/p>\n<p><span style=\"color: #000080;\">Nous, les Japonais, prions pour tout, pour la r\u00e9ussite, la paix, la famille et la vie.<\/span><\/p>\n<p><span style=\"color: #000080;\"><a href=\"http:\/\/www.mrexhibition.net\/wp_mimi\/wp_mimi-content\/uploads\/2014\/04\/salon_DSC04896.jpg\"><span style=\"color: #000080;\"><img decoding=\"async\" loading=\"lazy\" class=\"alignnone size-full wp-image-2876\" alt=\"salon_DSC04896\" src=\"http:\/\/www.mrexhibition.net\/wp_mimi\/wp_mimi-content\/uploads\/2014\/04\/salon_DSC04896.jpg\" width=\"650\" height=\"431\" srcset=\"https:\/\/www.mrexhibition.net\/wp_mimi\/wp_mimi-content\/uploads\/2014\/04\/salon_DSC04896.jpg 650w, https:\/\/www.mrexhibition.net\/wp_mimi\/wp_mimi-content\/uploads\/2014\/04\/salon_DSC04896-300x198.jpg 300w\" sizes=\"(max-width: 650px) 100vw, 650px\" \/><\/span><\/a><\/span><\/p>\n<p><span style=\"color: #000080;\">En effet, prier quelque chose \u00e0 Dieu fonctionne<\/span><br \/>\n<span style=\"color: #000080;\"> pour organiser et r\u00e9organiser notre esprit.<\/span><\/p>\n<p><span style=\"color: #000080;\"><a href=\"http:\/\/www.mrexhibition.net\/wp_mimi\/wp_mimi-content\/uploads\/2014\/04\/salon_DSC04897.jpg\"><span style=\"color: #000080;\"><img decoding=\"async\" loading=\"lazy\" class=\"alignnone size-medium wp-image-2875\" alt=\"salon_DSC04897\" src=\"http:\/\/www.mrexhibition.net\/wp_mimi\/wp_mimi-content\/uploads\/2014\/04\/salon_DSC04897-199x300.jpg\" width=\"199\" height=\"300\" srcset=\"https:\/\/www.mrexhibition.net\/wp_mimi\/wp_mimi-content\/uploads\/2014\/04\/salon_DSC04897-199x300.jpg 199w, https:\/\/www.mrexhibition.net\/wp_mimi\/wp_mimi-content\/uploads\/2014\/04\/salon_DSC04897.jpg 650w\" sizes=\"(max-width: 199px) 100vw, 199px\" \/><\/span><\/a><\/span><\/p>\n<p><span style=\"color: #000080;\">Une fille qui prie pour remercier \u00e0 la gr\u00e2ce de Dieu.<\/span><br \/>\n<span style=\"color: #000080;\"> Et innombrable de souhaits de l&rsquo;\u00eatre humain.<\/span><\/p>\n<p><span style=\"color: #000080;\"><a href=\"http:\/\/www.mrexhibition.net\/wp_mimi\/wp_mimi-content\/uploads\/2014\/04\/salon_IMG_1769.jpg\"><span style=\"color: #000080;\"><img decoding=\"async\" loading=\"lazy\" class=\"alignnone size-full wp-image-2873\" alt=\"salon_IMG_1769\" src=\"http:\/\/www.mrexhibition.net\/wp_mimi\/wp_mimi-content\/uploads\/2014\/04\/salon_IMG_1769.jpg\" width=\"650\" height=\"487\" srcset=\"https:\/\/www.mrexhibition.net\/wp_mimi\/wp_mimi-content\/uploads\/2014\/04\/salon_IMG_1769.jpg 650w, https:\/\/www.mrexhibition.net\/wp_mimi\/wp_mimi-content\/uploads\/2014\/04\/salon_IMG_1769-300x224.jpg 300w\" sizes=\"(max-width: 650px) 100vw, 650px\" \/><\/span><\/a><\/span><\/p>\n<p><span style=\"color: #000080;\">La grande vache qui nous \u00e9coute depuis sa naissance.<\/span><\/p>\n<p><span style=\"color: #000080;\"><a href=\"http:\/\/www.mrexhibition.net\/wp_mimi\/wp_mimi-content\/uploads\/2014\/04\/salon_DSC04902.jpg\"><span style=\"color: #000080;\"><img decoding=\"async\" loading=\"lazy\" class=\"alignnone size-full wp-image-2874\" alt=\"salon_DSC04902\" src=\"http:\/\/www.mrexhibition.net\/wp_mimi\/wp_mimi-content\/uploads\/2014\/04\/salon_DSC04902.jpg\" width=\"650\" height=\"431\" srcset=\"https:\/\/www.mrexhibition.net\/wp_mimi\/wp_mimi-content\/uploads\/2014\/04\/salon_DSC04902.jpg 650w, https:\/\/www.mrexhibition.net\/wp_mimi\/wp_mimi-content\/uploads\/2014\/04\/salon_DSC04902-300x198.jpg 300w\" sizes=\"(max-width: 650px) 100vw, 650px\" \/><\/span><\/a><\/span><\/p>\n<p><span style=\"color: #000080;\">\u00a0<\/span><\/p>\n<p><span style=\"color: #000080;\">\u00a0<\/span><\/p>\n<p><span style=\"color: #000080;\">Le cimeti\u00e8re \u00e0 c\u00f4t\u00e9 d&rsquo;o\u00f9 j&rsquo;habite.<\/span><\/p>\n<p><span style=\"color: #000080;\"><a href=\"http:\/\/www.mrexhibition.net\/wp_mimi\/wp_mimi-content\/uploads\/2014\/04\/blg_0104141.jpg\"><span style=\"color: #000080;\"><img decoding=\"async\" loading=\"lazy\" class=\"alignnone size-full wp-image-2883\" alt=\"blg_0104141\" src=\"http:\/\/www.mrexhibition.net\/wp_mimi\/wp_mimi-content\/uploads\/2014\/04\/blg_0104141.jpg\" width=\"650\" height=\"487\" srcset=\"https:\/\/www.mrexhibition.net\/wp_mimi\/wp_mimi-content\/uploads\/2014\/04\/blg_0104141.jpg 650w, https:\/\/www.mrexhibition.net\/wp_mimi\/wp_mimi-content\/uploads\/2014\/04\/blg_0104141-300x224.jpg 300w\" sizes=\"(max-width: 650px) 100vw, 650px\" \/><\/span><\/a><\/span><\/p>\n<p><span style=\"color: #000080;\">Les cerisiers fleurissent magnifiquement.<\/span><br \/>\n<span style=\"color: #000080;\"> La brise du printemps souffle doucement.<\/span><\/p>\n<p><span style=\"color: #000080;\"><a href=\"http:\/\/www.mrexhibition.net\/wp_mimi\/wp_mimi-content\/uploads\/2014\/04\/blg_0104142.jpg\"><span style=\"color: #000080;\"><img decoding=\"async\" loading=\"lazy\" class=\"alignnone size-full wp-image-2881\" alt=\"blg_0104142\" src=\"http:\/\/www.mrexhibition.net\/wp_mimi\/wp_mimi-content\/uploads\/2014\/04\/blg_0104142.jpg\" width=\"650\" height=\"487\" srcset=\"https:\/\/www.mrexhibition.net\/wp_mimi\/wp_mimi-content\/uploads\/2014\/04\/blg_0104142.jpg 650w, https:\/\/www.mrexhibition.net\/wp_mimi\/wp_mimi-content\/uploads\/2014\/04\/blg_0104142-300x224.jpg 300w\" sizes=\"(max-width: 650px) 100vw, 650px\" \/><\/span><\/a><\/span><\/p>\n<p><span style=\"color: #000080;\">Si magnifique que je suis inqui\u00e8te.<\/span><\/p>\n<p><span style=\"color: #000080;\"><a href=\"http:\/\/www.mrexhibition.net\/wp_mimi\/wp_mimi-content\/uploads\/2014\/04\/blg_0104143.jpg\"><span style=\"color: #000080;\"><img decoding=\"async\" loading=\"lazy\" class=\"alignnone size-full wp-image-2882\" alt=\"blg_0104143\" src=\"http:\/\/www.mrexhibition.net\/wp_mimi\/wp_mimi-content\/uploads\/2014\/04\/blg_0104143.jpg\" width=\"650\" height=\"487\" srcset=\"https:\/\/www.mrexhibition.net\/wp_mimi\/wp_mimi-content\/uploads\/2014\/04\/blg_0104143.jpg 650w, https:\/\/www.mrexhibition.net\/wp_mimi\/wp_mimi-content\/uploads\/2014\/04\/blg_0104143-300x224.jpg 300w\" sizes=\"(max-width: 650px) 100vw, 650px\" \/><\/span><\/a><\/span><\/p>\n<p><span style=\"color: #000080;\">Les p\u00e9tales de fleurs de cerisiers couvrent le terrain<\/span><br \/>\n<span style=\"color: #000080;\"> jusqu&rsquo;\u00e0 ce que nous ne voyons plus rien<\/span><br \/>\n<span style=\"color: #000080;\"> ce qui est dessous.<\/span><\/p>\n<p><span style=\"color: #000080;\"><a href=\"http:\/\/www.mrexhibition.net\/wp_mimi\/wp_mimi-content\/uploads\/2014\/04\/salon_cimetiere-sakura.jpg\"><span style=\"color: #000080;\"><img decoding=\"async\" loading=\"lazy\" class=\"alignnone size-full wp-image-2885\" alt=\"salon_cimetiere sakura\" src=\"http:\/\/www.mrexhibition.net\/wp_mimi\/wp_mimi-content\/uploads\/2014\/04\/salon_cimetiere-sakura.jpg\" width=\"650\" height=\"866\" srcset=\"https:\/\/www.mrexhibition.net\/wp_mimi\/wp_mimi-content\/uploads\/2014\/04\/salon_cimetiere-sakura.jpg 650w, https:\/\/www.mrexhibition.net\/wp_mimi\/wp_mimi-content\/uploads\/2014\/04\/salon_cimetiere-sakura-225x300.jpg 225w\" sizes=\"(max-width: 650px) 100vw, 650px\" \/><\/span><\/a><\/span><\/p>\n<p><span style=\"color: #000080;\">Ces belles couleurs et la touche douce jouissent nos anc\u00eatres.<\/span><\/p>\n<p><span style=\"color: #000080;\"><a href=\"http:\/\/www.mrexhibition.net\/wp_mimi\/wp_mimi-content\/uploads\/2014\/04\/sakura-cimi-1.jpg\"><span style=\"color: #000080;\"><img decoding=\"async\" loading=\"lazy\" class=\"alignnone size-large wp-image-2884\" alt=\"sakura cimi 1\" src=\"http:\/\/www.mrexhibition.net\/wp_mimi\/wp_mimi-content\/uploads\/2014\/04\/sakura-cimi-1-768x1024.jpg\" width=\"540\" height=\"720\" srcset=\"https:\/\/www.mrexhibition.net\/wp_mimi\/wp_mimi-content\/uploads\/2014\/04\/sakura-cimi-1-768x1024.jpg 768w, https:\/\/www.mrexhibition.net\/wp_mimi\/wp_mimi-content\/uploads\/2014\/04\/sakura-cimi-1-225x300.jpg 225w, https:\/\/www.mrexhibition.net\/wp_mimi\/wp_mimi-content\/uploads\/2014\/04\/sakura-cimi-1.jpg 960w\" sizes=\"(max-width: 540px) 100vw, 540px\" \/><\/span><\/a><\/span><\/p>\n","protected":false},"excerpt":{"rendered":"<p>Quelques images du printemps 2014. Le Kitano Tenman-g\u00fb, un sanctuaire shinto, situ\u00e9 \u00e0 Kyoto. Fond\u00e9 en 947, il est vou\u00e9 au culte du dieu Tenjin. Une fille fait sa pose pour la prise de photo. Um\u00e9s, fleurs de pruniers fleurissent plut\u00f4t que Sakura. Sa couleur plus fonc\u00e9e et son bourgeon plus ferme que celui de [&hellip;]<\/p>\n","protected":false},"author":1,"featured_media":0,"comment_status":"open","ping_status":"open","sticky":false,"template":"","format":"standard","meta":[],"categories":[14,12,9],"tags":[],"_links":{"self":[{"href":"https:\/\/www.mrexhibition.net\/wp_mimi\/index.php?rest_route=\/wp\/v2\/posts\/2872"}],"collection":[{"href":"https:\/\/www.mrexhibition.net\/wp_mimi\/index.php?rest_route=\/wp\/v2\/posts"}],"about":[{"href":"https:\/\/www.mrexhibition.net\/wp_mimi\/index.php?rest_route=\/wp\/v2\/types\/post"}],"author":[{"embeddable":true,"href":"https:\/\/www.mrexhibition.net\/wp_mimi\/index.php?rest_route=\/wp\/v2\/users\/1"}],"replies":[{"embeddable":true,"href":"https:\/\/www.mrexhibition.net\/wp_mimi\/index.php?rest_route=%2Fwp%2Fv2%2Fcomments&post=2872"}],"version-history":[{"count":6,"href":"https:\/\/www.mrexhibition.net\/wp_mimi\/index.php?rest_route=\/wp\/v2\/posts\/2872\/revisions"}],"predecessor-version":[{"id":2899,"href":"https:\/\/www.mrexhibition.net\/wp_mimi\/index.php?rest_route=\/wp\/v2\/posts\/2872\/revisions\/2899"}],"wp:attachment":[{"href":"https:\/\/www.mrexhibition.net\/wp_mimi\/index.php?rest_route=%2Fwp%2Fv2%2Fmedia&parent=2872"}],"wp:term":[{"taxonomy":"category","embeddable":true,"href":"https:\/\/www.mrexhibition.net\/wp_mimi\/index.php?rest_route=%2Fwp%2Fv2%2Fcategories&post=2872"},{"taxonomy":"post_tag","embeddable":true,"href":"https:\/\/www.mrexhibition.net\/wp_mimi\/index.php?rest_route=%2Fwp%2Fv2%2Ftags&post=2872"}],"curies":[{"name":"wp","href":"https:\/\/api.w.org\/{rel}","templated":true}]}}